{"id":19166,"date":"2023-05-25T12:14:00","date_gmt":"2023-05-25T10:14:00","guid":{"rendered":"https:\/\/skandiaahumados.es\/?p=19166"},"modified":"2024-09-19T12:17:10","modified_gmt":"2024-09-19T10:17:10","slug":"skandia-at-the-ii-carrefour-show-2023","status":"publish","type":"post","link":"https:\/\/skandiaahumados.es\/en\/skandia-en-ii-salon-carrefour-2023\/","title":{"rendered":"Skandia at II Carrefour Show 2023"},"content":{"rendered":"<h3 class=\"wp-block-heading\">This May we once again attended the second Carrefour Show that took place in Ifema, Madrid, together with more than 140 exhibiting brands to whom we were able to show our products.<\/h3>\n\n\n\n<p><\/p>","protected":false},"excerpt":{"rendered":"<p>This May we once again attended the second Carrefour Show that took place in Ifema, Madrid, together with more than 140 exhibiting brands to whom we were able to show our products.<\/p>","protected":false},"author":7,"featured_media":19147,"comment_status":"open","ping_status":"open","sticky":false,"template":"","format":"standard","meta":{"_acf_changed":false,"inline_featured_image":false,"footnotes":""},"categories":[7],"tags":[],"class_list":["post-19166","post","type-post","status-publish","format-standard","has-post-thumbnail","hentry","category-eventos"],"acf":[],"yoast_head":"<!-- This site is optimized with the Yoast SEO plugin v27.3 - https:\/\/yoast.com\/product\/yoast-seo-wordpress\/ -->\n<title>Skandia en II sal\u00f3n Carrefour 2023 - Skandia Ahumados<\/title>\n<meta name=\"robots\" content=\"index, follow, max-snippet:-1, max-image-preview:large, max-video-preview:-1\" \/>\n<link rel=\"canonical\" href=\"https:\/\/skandiaahumados.es\/en\/skandia-at-the-ii-carrefour-show-2023\/\" \/>\n<meta property=\"og:locale\" content=\"en_GB\" \/>\n<meta property=\"og:type\" content=\"article\" \/>\n<meta property=\"og:title\" content=\"Skandia en II sal\u00f3n Carrefour 2023 - Skandia Ahumados\" \/>\n<meta property=\"og:description\" content=\"Este mes de mayo volvimos a asistir al segundo Sal\u00f3n Carrefour que tuvo lugar en Ifema, Madrid, junto a m\u00e1s de 140 marcas expositoras a los que pudimos mostrar nuestros productos.\" \/>\n<meta property=\"og:url\" content=\"https:\/\/skandiaahumados.es\/en\/skandia-at-the-ii-carrefour-show-2023\/\" \/>\n<meta property=\"og:site_name\" content=\"Skandia Ahumados\" \/>\n<meta property=\"article:published_time\" content=\"2023-05-25T10:14:00+00:00\" \/>\n<meta property=\"article:modified_time\" content=\"2024-09-19T10:17:10+00:00\" \/>\n<meta property=\"og:image\" content=\"http:\/\/skandiaahumados.es\/wp-content\/uploads\/2024\/09\/05_SKANDIA-EN-II-SALON-CARREFOUR-2023.jpg\" \/>\n\t<meta property=\"og:image:width\" content=\"1580\" \/>\n\t<meta property=\"og:image:height\" content=\"1080\" \/>\n\t<meta property=\"og:image:type\" content=\"image\/jpeg\" \/>\n<meta name=\"author\" content=\"jose\" \/>\n<meta name=\"twitter:card\" content=\"summary_large_image\" \/>\n<meta name=\"twitter:label1\" content=\"Written by\" \/>\n\t<meta name=\"twitter:data1\" content=\"jose\" \/>\n<script type=\"application\/ld+json\" class=\"yoast-schema-graph\">{\"@context\":\"https:\\\/\\\/schema.org\",\"@graph\":[{\"@type\":\"Article\",\"@id\":\"https:\\\/\\\/skandiaahumados.es\\\/skandia-en-ii-salon-carrefour-2023\\\/#article\",\"isPartOf\":{\"@id\":\"https:\\\/\\\/skandiaahumados.es\\\/skandia-en-ii-salon-carrefour-2023\\\/\"},\"author\":{\"name\":\"jose\",\"@id\":\"https:\\\/\\\/skandiaahumados.es\\\/#\\\/schema\\\/person\\\/1bd996e955708dcd8d47780d47c86572\"},\"headline\":\"Skandia en II sal\u00f3n Carrefour 2023\",\"datePublished\":\"2023-05-25T10:14:00+00:00\",\"dateModified\":\"2024-09-19T10:17:10+00:00\",\"mainEntityOfPage\":{\"@id\":\"https:\\\/\\\/skandiaahumados.es\\\/skandia-en-ii-salon-carrefour-2023\\\/\"},\"wordCount\":38,\"commentCount\":0,\"image\":{\"@id\":\"https:\\\/\\\/skandiaahumados.es\\\/skandia-en-ii-salon-carrefour-2023\\\/#primaryimage\"},\"thumbnailUrl\":\"https:\\\/\\\/skandiaahumados.es\\\/wp-content\\\/uploads\\\/2024\\\/09\\\/05_SKANDIA-EN-II-SALON-CARREFOUR-2023.jpg\",\"articleSection\":[\"Eventos\"],\"inLanguage\":\"en-GB\",\"potentialAction\":[{\"@type\":\"CommentAction\",\"name\":\"Comment\",\"target\":[\"https:\\\/\\\/skandiaahumados.es\\\/skandia-en-ii-salon-carrefour-2023\\\/#respond\"]}]},{\"@type\":\"WebPage\",\"@id\":\"https:\\\/\\\/skandiaahumados.es\\\/skandia-en-ii-salon-carrefour-2023\\\/\",\"url\":\"https:\\\/\\\/skandiaahumados.es\\\/skandia-en-ii-salon-carrefour-2023\\\/\",\"name\":\"Skandia en II sal\u00f3n Carrefour 2023 - Skandia Ahumados\",\"isPartOf\":{\"@id\":\"https:\\\/\\\/skandiaahumados.es\\\/#website\"},\"primaryImageOfPage\":{\"@id\":\"https:\\\/\\\/skandiaahumados.es\\\/skandia-en-ii-salon-carrefour-2023\\\/#primaryimage\"},\"image\":{\"@id\":\"https:\\\/\\\/skandiaahumados.es\\\/skandia-en-ii-salon-carrefour-2023\\\/#primaryimage\"},\"thumbnailUrl\":\"https:\\\/\\\/skandiaahumados.es\\\/wp-content\\\/uploads\\\/2024\\\/09\\\/05_SKANDIA-EN-II-SALON-CARREFOUR-2023.jpg\",\"datePublished\":\"2023-05-25T10:14:00+00:00\",\"dateModified\":\"2024-09-19T10:17:10+00:00\",\"author\":{\"@id\":\"https:\\\/\\\/skandiaahumados.es\\\/#\\\/schema\\\/person\\\/1bd996e955708dcd8d47780d47c86572\"},\"breadcrumb\":{\"@id\":\"https:\\\/\\\/skandiaahumados.es\\\/skandia-en-ii-salon-carrefour-2023\\\/#breadcrumb\"},\"inLanguage\":\"en-GB\",\"potentialAction\":[{\"@type\":\"ReadAction\",\"target\":[\"https:\\\/\\\/skandiaahumados.es\\\/skandia-en-ii-salon-carrefour-2023\\\/\"]}]},{\"@type\":\"ImageObject\",\"inLanguage\":\"en-GB\",\"@id\":\"https:\\\/\\\/skandiaahumados.es\\\/skandia-en-ii-salon-carrefour-2023\\\/#primaryimage\",\"url\":\"https:\\\/\\\/skandiaahumados.es\\\/wp-content\\\/uploads\\\/2024\\\/09\\\/05_SKANDIA-EN-II-SALON-CARREFOUR-2023.jpg\",\"contentUrl\":\"https:\\\/\\\/skandiaahumados.es\\\/wp-content\\\/uploads\\\/2024\\\/09\\\/05_SKANDIA-EN-II-SALON-CARREFOUR-2023.jpg\",\"width\":1580,\"height\":1080},{\"@type\":\"BreadcrumbList\",\"@id\":\"https:\\\/\\\/skandiaahumados.es\\\/skandia-en-ii-salon-carrefour-2023\\\/#breadcrumb\",\"itemListElement\":[{\"@type\":\"ListItem\",\"position\":1,\"name\":\"Portada\",\"item\":\"https:\\\/\\\/skandiaahumados.es\\\/\"},{\"@type\":\"ListItem\",\"position\":2,\"name\":\"Skandia en II sal\u00f3n Carrefour 2023\"}]},{\"@type\":\"WebSite\",\"@id\":\"https:\\\/\\\/skandiaahumados.es\\\/#website\",\"url\":\"https:\\\/\\\/skandiaahumados.es\\\/\",\"name\":\"Skandia Ahumados\",\"description\":\"Donde est\u00e1 el mejor salm\u00f3n\",\"potentialAction\":[{\"@type\":\"SearchAction\",\"target\":{\"@type\":\"EntryPoint\",\"urlTemplate\":\"https:\\\/\\\/skandiaahumados.es\\\/?s={search_term_string}\"},\"query-input\":{\"@type\":\"PropertyValueSpecification\",\"valueRequired\":true,\"valueName\":\"search_term_string\"}}],\"inLanguage\":\"en-GB\"},{\"@type\":\"Person\",\"@id\":\"https:\\\/\\\/skandiaahumados.es\\\/#\\\/schema\\\/person\\\/1bd996e955708dcd8d47780d47c86572\",\"name\":\"jose\",\"image\":{\"@type\":\"ImageObject\",\"inLanguage\":\"en-GB\",\"@id\":\"https:\\\/\\\/secure.gravatar.com\\\/avatar\\\/079dce672dc28b2c5ffd3062a1bb1cac04f2262e5df73e534cf4ebb1fea22dd6?s=96&d=mm&r=g\",\"url\":\"https:\\\/\\\/secure.gravatar.com\\\/avatar\\\/079dce672dc28b2c5ffd3062a1bb1cac04f2262e5df73e534cf4ebb1fea22dd6?s=96&d=mm&r=g\",\"contentUrl\":\"https:\\\/\\\/secure.gravatar.com\\\/avatar\\\/079dce672dc28b2c5ffd3062a1bb1cac04f2262e5df73e534cf4ebb1fea22dd6?s=96&d=mm&r=g\",\"caption\":\"jose\"},\"url\":\"https:\\\/\\\/skandiaahumados.es\\\/en\\\/author\\\/jose\\\/\"}]}<\/script>\n<!-- \/ Yoast SEO plugin. -->","yoast_head_json":{"title":"Skandia at II Carrefour 2023 - Skandia Ahumados","robots":{"index":"index","follow":"follow","max-snippet":"max-snippet:-1","max-image-preview":"max-image-preview:large","max-video-preview":"max-video-preview:-1"},"canonical":"https:\/\/skandiaahumados.es\/en\/skandia-at-the-ii-carrefour-show-2023\/","og_locale":"en_GB","og_type":"article","og_title":"Skandia en II sal\u00f3n Carrefour 2023 - Skandia Ahumados","og_description":"Este mes de mayo volvimos a asistir al segundo Sal\u00f3n Carrefour que tuvo lugar en Ifema, Madrid, junto a m\u00e1s de 140 marcas expositoras a los que pudimos mostrar nuestros productos.","og_url":"https:\/\/skandiaahumados.es\/en\/skandia-at-the-ii-carrefour-show-2023\/","og_site_name":"Skandia Ahumados","article_published_time":"2023-05-25T10:14:00+00:00","article_modified_time":"2024-09-19T10:17:10+00:00","og_image":[{"width":1580,"height":1080,"url":"http:\/\/skandiaahumados.es\/wp-content\/uploads\/2024\/09\/05_SKANDIA-EN-II-SALON-CARREFOUR-2023.jpg","type":"image\/jpeg"}],"author":"jose","twitter_card":"summary_large_image","twitter_misc":{"Written by":"jose"},"schema":{"@context":"https:\/\/schema.org","@graph":[{"@type":"Article","@id":"https:\/\/skandiaahumados.es\/skandia-en-ii-salon-carrefour-2023\/#article","isPartOf":{"@id":"https:\/\/skandiaahumados.es\/skandia-en-ii-salon-carrefour-2023\/"},"author":{"name":"jose","@id":"https:\/\/skandiaahumados.es\/#\/schema\/person\/1bd996e955708dcd8d47780d47c86572"},"headline":"Skandia en II sal\u00f3n Carrefour 2023","datePublished":"2023-05-25T10:14:00+00:00","dateModified":"2024-09-19T10:17:10+00:00","mainEntityOfPage":{"@id":"https:\/\/skandiaahumados.es\/skandia-en-ii-salon-carrefour-2023\/"},"wordCount":38,"commentCount":0,"image":{"@id":"https:\/\/skandiaahumados.es\/skandia-en-ii-salon-carrefour-2023\/#primaryimage"},"thumbnailUrl":"https:\/\/skandiaahumados.es\/wp-content\/uploads\/2024\/09\/05_SKANDIA-EN-II-SALON-CARREFOUR-2023.jpg","articleSection":["Eventos"],"inLanguage":"en-GB","potentialAction":[{"@type":"CommentAction","name":"Comment","target":["https:\/\/skandiaahumados.es\/skandia-en-ii-salon-carrefour-2023\/#respond"]}]},{"@type":"WebPage","@id":"https:\/\/skandiaahumados.es\/skandia-en-ii-salon-carrefour-2023\/","url":"https:\/\/skandiaahumados.es\/skandia-en-ii-salon-carrefour-2023\/","name":"Skandia at II Carrefour 2023 - Skandia Ahumados","isPartOf":{"@id":"https:\/\/skandiaahumados.es\/#website"},"primaryImageOfPage":{"@id":"https:\/\/skandiaahumados.es\/skandia-en-ii-salon-carrefour-2023\/#primaryimage"},"image":{"@id":"https:\/\/skandiaahumados.es\/skandia-en-ii-salon-carrefour-2023\/#primaryimage"},"thumbnailUrl":"https:\/\/skandiaahumados.es\/wp-content\/uploads\/2024\/09\/05_SKANDIA-EN-II-SALON-CARREFOUR-2023.jpg","datePublished":"2023-05-25T10:14:00+00:00","dateModified":"2024-09-19T10:17:10+00:00","author":{"@id":"https:\/\/skandiaahumados.es\/#\/schema\/person\/1bd996e955708dcd8d47780d47c86572"},"breadcrumb":{"@id":"https:\/\/skandiaahumados.es\/skandia-en-ii-salon-carrefour-2023\/#breadcrumb"},"inLanguage":"en-GB","potentialAction":[{"@type":"ReadAction","target":["https:\/\/skandiaahumados.es\/skandia-en-ii-salon-carrefour-2023\/"]}]},{"@type":"ImageObject","inLanguage":"en-GB","@id":"https:\/\/skandiaahumados.es\/skandia-en-ii-salon-carrefour-2023\/#primaryimage","url":"https:\/\/skandiaahumados.es\/wp-content\/uploads\/2024\/09\/05_SKANDIA-EN-II-SALON-CARREFOUR-2023.jpg","contentUrl":"https:\/\/skandiaahumados.es\/wp-content\/uploads\/2024\/09\/05_SKANDIA-EN-II-SALON-CARREFOUR-2023.jpg","width":1580,"height":1080},{"@type":"BreadcrumbList","@id":"https:\/\/skandiaahumados.es\/skandia-en-ii-salon-carrefour-2023\/#breadcrumb","itemListElement":[{"@type":"ListItem","position":1,"name":"Portada","item":"https:\/\/skandiaahumados.es\/"},{"@type":"ListItem","position":2,"name":"Skandia en II sal\u00f3n Carrefour 2023"}]},{"@type":"WebSite","@id":"https:\/\/skandiaahumados.es\/#website","url":"https:\/\/skandiaahumados.es\/","name":"Skandia Smoked","description":"Where the best salmon is","potentialAction":[{"@type":"SearchAction","target":{"@type":"EntryPoint","urlTemplate":"https:\/\/skandiaahumados.es\/?s={search_term_string}"},"query-input":{"@type":"PropertyValueSpecification","valueRequired":true,"valueName":"search_term_string"}}],"inLanguage":"en-GB"},{"@type":"Person","@id":"https:\/\/skandiaahumados.es\/#\/schema\/person\/1bd996e955708dcd8d47780d47c86572","name":"jose","image":{"@type":"ImageObject","inLanguage":"en-GB","@id":"https:\/\/secure.gravatar.com\/avatar\/079dce672dc28b2c5ffd3062a1bb1cac04f2262e5df73e534cf4ebb1fea22dd6?s=96&d=mm&r=g","url":"https:\/\/secure.gravatar.com\/avatar\/079dce672dc28b2c5ffd3062a1bb1cac04f2262e5df73e534cf4ebb1fea22dd6?s=96&d=mm&r=g","contentUrl":"https:\/\/secure.gravatar.com\/avatar\/079dce672dc28b2c5ffd3062a1bb1cac04f2262e5df73e534cf4ebb1fea22dd6?s=96&d=mm&r=g","caption":"jose"},"url":"https:\/\/skandiaahumados.es\/en\/author\/jose\/"}]}},"_links":{"self":[{"href":"https:\/\/skandiaahumados.es\/en\/wp-json\/wp\/v2\/posts\/19166","targetHints":{"allow":["GET"]}}],"collection":[{"href":"https:\/\/skandiaahumados.es\/en\/wp-json\/wp\/v2\/posts"}],"about":[{"href":"https:\/\/skandiaahumados.es\/en\/wp-json\/wp\/v2\/types\/post"}],"author":[{"embeddable":true,"href":"https:\/\/skandiaahumados.es\/en\/wp-json\/wp\/v2\/users\/7"}],"replies":[{"embeddable":true,"href":"https:\/\/skandiaahumados.es\/en\/wp-json\/wp\/v2\/comments?post=19166"}],"version-history":[{"count":3,"href":"https:\/\/skandiaahumados.es\/en\/wp-json\/wp\/v2\/posts\/19166\/revisions"}],"predecessor-version":[{"id":19172,"href":"https:\/\/skandiaahumados.es\/en\/wp-json\/wp\/v2\/posts\/19166\/revisions\/19172"}],"wp:featuredmedia":[{"embeddable":true,"href":"https:\/\/skandiaahumados.es\/en\/wp-json\/wp\/v2\/media\/19147"}],"wp:attachment":[{"href":"https:\/\/skandiaahumados.es\/en\/wp-json\/wp\/v2\/media?parent=19166"}],"wp:term":[{"taxonomy":"category","embeddable":true,"href":"https:\/\/skandiaahumados.es\/en\/wp-json\/wp\/v2\/categories?post=19166"},{"taxonomy":"post_tag","embeddable":true,"href":"https:\/\/skandiaahumados.es\/en\/wp-json\/wp\/v2\/tags?post=19166"}],"curies":[{"name":"wp","href":"https:\/\/api.w.org\/{rel}","templated":true}]}}